{"id":933,"date":"2024-12-20T10:00:00","date_gmt":"2024-12-20T10:00:00","guid":{"rendered":"https:\/\/www.cirugiaesteticamendez.com\/blog\/?p=933"},"modified":"2024-12-22T06:06:59","modified_gmt":"2024-12-22T06:06:59","slug":"como-ponerte-bella-en-la-primavera","status":"publish","type":"post","link":"https:\/\/www.cirugiaesteticamendez.com\/blog\/como-ponerte-bella-en-la-primavera\/","title":{"rendered":"Poni\u00e9ndome bella en la primavera y prepar\u00e1ndome para el verano"},"content":{"rendered":"\n<p>Con el calor, llega el buen tiempo, las ganas de ir a la playa y las ganas de lucir un cuerpo bonito.&nbsp;Pero no todo es alegr\u00eda, pues los complejos pueden invadirnos cuando empezamos a quitarnos capas de ropa. Por ese motivo, muchos hombres y mujeres aprovechan los meses de la primavera para prepararse para el calor del verano.<\/p><div id=\"ez-toc-container\" class=\"ez-toc-v2_0_82_2 counter-hierarchy ez-toc-counter ez-toc-grey ez-toc-container-direction\">\n<div class=\"ez-toc-title-container\">\n<p class=\"ez-toc-title\" style=\"cursor:inherit\">Tabla de contenidos<\/p>\n<span class=\"ez-toc-title-toggle\"><a href=\"#\" class=\"ez-toc-pull-right ez-toc-btn ez-toc-btn-xs ez-toc-btn-default ez-toc-toggle\" aria-label=\"Alternar tabla de contenidos\"><span class=\"ez-toc-js-icon-con\"><span class=\"\"><span class=\"eztoc-hide\" style=\"display:none;\">Toggle<\/span><span class=\"ez-toc-icon-toggle-span\"><svg style=\"fill: #999;color:#999\" xmlns=\"http:\/\/www.w3.org\/2000\/svg\" class=\"list-377408\" width=\"20px\" height=\"20px\" viewBox=\"0 0 24 24\" fill=\"none\"><path d=\"M6 6H4v2h2V6zm14 0H8v2h12V6zM4 11h2v2H4v-2zm16 0H8v2h12v-2zM4 16h2v2H4v-2zm16 0H8v2h12v-2z\" fill=\"currentColor\"><\/path><\/svg><svg style=\"fill: #999;color:#999\" class=\"arrow-unsorted-368013\" xmlns=\"http:\/\/www.w3.org\/2000\/svg\" width=\"10px\" height=\"10px\" viewBox=\"0 0 24 24\" version=\"1.2\" baseProfile=\"tiny\"><path d=\"M18.2 9.3l-6.2-6.3-6.2 6.3c-.2.2-.3.4-.3.7s.1.5.3.7c.2.2.4.3.7.3h11c.3 0 .5-.1.7-.3.2-.2.3-.5.3-.7s-.1-.5-.3-.7zM5.8 14.7l6.2 6.3 6.2-6.3c.2-.2.3-.5.3-.7s-.1-.5-.3-.7c-.2-.2-.4-.3-.7-.3h-11c-.3 0-.5.1-.7.3-.2.2-.3.5-.3.7s.1.5.3.7z\"\/><\/svg><\/span><\/span><\/span><\/a><\/span><\/div>\n<nav><ul class='ez-toc-list ez-toc-list-level-1 eztoc-toggle-hide-by-default' ><li class='ez-toc-page-1 ez-toc-heading-level-2'><a class=\"ez-toc-link ez-toc-heading-1\" href=\"https:\/\/www.cirugiaesteticamendez.com\/blog\/como-ponerte-bella-en-la-primavera\/#Recomendaciones_para_verte_mas_joven_y_linda_en_primavera\" >Recomendaciones para verte m\u00e1s joven y linda en primavera<\/a><\/li><li class='ez-toc-page-1 ez-toc-heading-level-2'><a class=\"ez-toc-link ez-toc-heading-2\" href=\"https:\/\/www.cirugiaesteticamendez.com\/blog\/como-ponerte-bella-en-la-primavera\/#%C2%BFQue_cirugias_se_recomiendan_en_la_primavera\" >\u00bfQu\u00e9 cirug\u00edas se recomiendan en la primavera?<\/a><\/li><li class='ez-toc-page-1 ez-toc-heading-level-2'><a class=\"ez-toc-link ez-toc-heading-3\" href=\"https:\/\/www.cirugiaesteticamendez.com\/blog\/como-ponerte-bella-en-la-primavera\/#%C2%BFPodre_llegar_a_verme_bien_en_el_verano_con_alguna_cirugia_%C2%BFTengo_tiempo_para_lograrlo\" >\u00bfPodr\u00e9 llegar a verme bien en el verano con alguna cirug\u00eda? \u00bfTengo tiempo para lograrlo?<\/a><\/li><\/ul><\/nav><\/div>\n\n\n\n\n<p>En el art\u00edculo de hoy, vamos a ver unos consejos para verte bella en la primavera y puedas poner tu cuerpo a punto para poder lucirlo en bikini o en ba\u00f1ador. Si bien es cierto que siempre podemos recurrir a las ventajas de la cirug\u00eda est\u00e9tica, antes vamos a explicarte algunos tips que pueden ayudarte igual. \u00a1Sigue leyendo porque llega la primavera!<\/p>\n\n\n\n<h2 class=\"wp-block-heading\"><span class=\"ez-toc-section\" id=\"Recomendaciones_para_verte_mas_joven_y_linda_en_primavera\"><\/span>Recomendaciones para verte m\u00e1s joven y linda en primavera<span class=\"ez-toc-section-end\"><\/span><\/h2>\n\n\n\n<p>Dicen que la primavera es la \u00e9poca del amor. Parece cierto que las hormonas est\u00e1n m\u00e1s revolucionadas y todos queremos ir bien guapos y guapas. Ya no solo por gustar a los dem\u00e1s, sino para gustarnos a nosotros mismos. Vamos a repasar unos cuantos consejos de fitness, moda, maquillaje y cabello para que puedas lucir espectacular.<\/p>\n\n\n\n<p>Si quieres bajar esos kilitos de m\u00e1s que has ganado durante el pasado invierto, puedes seguir estas pistas para poder bajar de peso y tonificar tu cuerpo, justo ahora que vas a ense\u00f1ar un poco m\u00e1s de piel.<\/p>\n\n\n\n<ul class=\"wp-block-list\">\n<li>Empieza a probar shorts y minifaldas. Esto te dar\u00e1 \u00e1nimo.<\/li>\n\n\n\n<li>Camina, cada d\u00eda un poco m\u00e1s.<\/li>\n\n\n\n<li>Come porciones m\u00e1s peque\u00f1as.<\/li>\n\n\n\n<li>Puedes optar por realizar alg\u00fan ejercicio f\u00edsico.<\/li>\n\n\n\n<li>Haz una dieta saludable y equilibrada.<\/li>\n\n\n\n<li>Come cinco veces al d\u00eda.<\/li>\n<\/ul>\n\n\n\n<p>Una vez tenemos claro lo que tenemos que hacer para tener un cuerpo de diez, toca repasar otros aspectos, como el vestuario. Empieza a llevar estampados m\u00e1s coloridos, como flores o vestidos femeninos. Ahora est\u00e1 muy de moda los pantalones skinny, pero siempre con un toque de color.<\/p>\n\n\n\n<p>Deja de lado el look m\u00e1s cl\u00e1sico y atr\u00e9vete a llevar estampados. Puedes ir sencillita con una simple camiseta de algod\u00f3n y un vaquero y dale tu estilo con accesorios. Ya puedes ponerte pulseras y collares sin que sean tapados por la ropa. A &nbsp;trav\u00e9s de estos tips podr\u00e1s ponerte bella en la primavera<\/p>\n\n\n\n<p>Sigamos con el maquillaje y el cabello. Escoge maquillaje fresco y adecuado. Puedes optar por smokey eyes en azul el\u00e9ctrico, un poco de rubor rosa en las mejillas o cl\u00e1sico rojo en los labios, tonalidades perfectas para la primavera. Empieza a utilizar bronceadores para crear un buen color tras una temporada sin sol.<\/p>\n\n\n\n<p>Aseg\u00farate de mantener tu piel y cabello hidratados constantemente, pues el cambio de tiempo y temperatura podr\u00edan resecarlos.<\/p>\n\n\n\n<h2 class=\"wp-block-heading\"><span class=\"ez-toc-section\" id=\"%C2%BFQue_cirugias_se_recomiendan_en_la_primavera\"><\/span>\u00bfQu\u00e9 cirug\u00edas se recomiendan en la primavera?<span class=\"ez-toc-section-end\"><\/span><\/h2>\n\n\n\n<p>Seg\u00fan los \u00faltimos datos, la mitad de las cirug\u00edas pl\u00e1sticas anuales se realizan en primavera. Es esa \u201coperaci\u00f3n bikini\u201d lo que motiva ese aumento estacional. Los pacientes quieren sentirse bien con su aspecto f\u00edsico y poder lucir su cuerpo con confianza y seguridad. Es por ese motivo que la mayor\u00eda de cirug\u00edas realizadas en esta \u00e9poca sean a nivel corporal.<\/p>\n\n\n\n<p>Actualmente, la cirug\u00eda mamaria, tanto de aumento o disminuci\u00f3n como de elevaci\u00f3n, supone gran parte de las cirug\u00edas est\u00e9ticas que se realizan actualmente. La segunda pr\u00e1ctica m\u00e1s demandada es la liposucci\u00f3n.<\/p>\n\n\n\n<p>Respecto a las cirug\u00edas pl\u00e1sticas faciales, la blefaroplastia o cirug\u00eda de p\u00e1rpado ha aumentado mucho sus n\u00fameros, por delante de la rinoplastia, que anteriormente era la m\u00e1s demandada.<\/p>\n\n\n\n<p>La cirug\u00eda pl\u00e1stica ha evolucionado mucho durante estos \u00faltimos a\u00f1os. As\u00ed, puede satisfacer las necesidades de cada paciente y poder cumplir sus expectativas e ilusiones.<\/p>\n\n\n\n<p>Este tipo de cirug\u00edas no solo cuesti\u00f3n de mujeres. La demanda de cirug\u00eda est\u00e9tica en el caso de los hombres tambi\u00e9n ha aumentado en estos \u00faltimos a\u00f1os. Normalmente, las intervenciones que m\u00e1s se demandan son la ginecomastia, en la que eliminamos el exceso de grasa en la zona pectoral, y la liposucci\u00f3n abdominal, pues es la zona donde el hombre suele acumular m\u00e1s grasa.<\/p>\n\n\n\n<h2 class=\"wp-block-heading\"><span class=\"ez-toc-section\" id=\"%C2%BFPodre_llegar_a_verme_bien_en_el_verano_con_alguna_cirugia_%C2%BFTengo_tiempo_para_lograrlo\"><\/span>\u00bfPodr\u00e9 llegar a verme bien en el verano con alguna cirug\u00eda? \u00bfTengo tiempo para lograrlo?<span class=\"ez-toc-section-end\"><\/span><\/h2>\n\n\n\n<p>Debemos tomar las precauciones adecuadas si queremos operarnos en esta \u00e9poca del a\u00f1o. A veces, la impaciencia e impulsividad de los pacientes pueden hacerles no seguir los pasos adecuados, tanto antes como despu\u00e9s de la operaci\u00f3n.<\/p>\n\n\n\n<p>Nunca debemos operarnos de manera apurada, pues tenemos que tener la predisposici\u00f3n tanto f\u00edsica como psicol\u00f3gica para recuperarnos. Muchas de las complicaciones que se suceden tras las operaciones derivan de los pocos cuidados de los pacientes durante el postoperatorio.<\/p>\n\n\n\n<p>Controlar la \u00e9poca del a\u00f1o en la que nos sometemos a una cirug\u00eda est\u00e9tica es importante, puesto que es un tema que afecta nuestra salud. Los pacientes deben protegerse bien por sus cicatrices, posibles hematomas o da\u00f1os que puede causar el sol.<\/p>\n\n\n\n<p>La primavera ofrece temperaturas templadas y menos horas de exposici\u00f3n a las radiaciones solares. Esto la convierte en una \u00e9poca ideal para pasar el periodo de recuperaci\u00f3n tras la operaci\u00f3n. De ese modo no hay riesgos de inflamaci\u00f3n y las heridas cicatricen en poco tiempo. Ya hemos visto que las intervenciones corporales como el aumento de senos o la liposucci\u00f3n y la cirug\u00eda facial son operaciones muy demandadas en esta \u00e9poca del a\u00f1o.<\/p>\n\n\n\n<p>En operaciones como la liposucci\u00f3n o abdominoplastia, el paciente debe utilizar una faja o vendaje durante unas semanas tras la operaci\u00f3n. Los meses de verano podr\u00edan suponer un riesgo para una correcta cicatrizaci\u00f3n de las heridas. Adem\u00e1s, esas fajas, u otras medidas de seguridad, se pueden disimular mucho mejor con la ropa que llevamos en primavera.<\/p>\n\n\n\n<p>Todos los cuidados postoperatorios son m\u00e1s f\u00e1ciles de llevar a cabo en primavera, sobre todo los tratamientos faciales o rejuvenecimiento facial.&nbsp; Estos cuidados necesitan una hidrataci\u00f3n constante de los tejidos, una limitaci\u00f3n de la exposici\u00f3n solar y una semana de reposo en el domicilio.<\/p>\n\n\n\n<p>A su vez, el calor estimula la dilataci\u00f3n de los vasos sangu\u00edneos. Esto promueve la retenci\u00f3n de l\u00edquidos y la posterior inflamaci\u00f3n. En intervenciones relacionadas con la cirug\u00eda amar\u00eda, las temperaturas m\u00e1s bajas facilitan el uso de sujetadores adaptados a las pacientes. Adem\u00e1s, colaboran a que las cicatrices est\u00e9n secas mientras se est\u00e1n curando.<\/p>\n\n\n\n<p>Con toda esta informaci\u00f3n, bien podemos afirmar que ponerte bella en la primavera es una realidad, ya que es una \u00e9poca excelente para realizarse una cirug\u00eda est\u00e9tica y preparar nuestro cuerpo para el verano.<\/p>\n\n\n\n<p><strong>\u00a1Da el primer paso hacia la mejor versi\u00f3n de ti mismo!<\/strong><\/p>\n\n\n\n<ul class=\"wp-block-list\">\n<li><a href=\"https:\/\/www.cirugiaesteticamendez.com\/contacto\/\">Haga clic aqu\u00ed para agendar una consulta gratuita<\/a><\/li>\n<\/ul>\n\n\n\n<ul class=\"wp-block-list\">\n<li>\ud83d\udcde <strong>Ll\u00e1manos al <\/strong>[<a href=\"https:\/\/api.whatsapp.com\/send\/?phone=51999488746&amp;text=Hola+Dra.+Ronmy+Mendez.+Necesito+m%C3%A1s+informaci%C3%B3n+sobre+El+Mejor+Cirujano+En+Rinoplastia+Secundaria%3A+Corrige+malos+resultados+de+tu+1era+cirug%C3%ADa+de+nariz+https%3A%2F%2Fwww.cirugiaesteticamendez.com%2Fblog%2Fmejor-cirujano-rinoplastia-secundaria&amp;type=phone_number&amp;app_absent=0\">+51 999 488 746<\/a>] <strong>para discutir tus opciones.<\/strong><\/li>\n<\/ul>\n\n\n\n<ul class=\"wp-block-list\">\n<li>\ud83d\udce7 <strong>O env\u00edanos un correo electr\u00f3nico a<\/strong> [<a href=\"mailto:consultas@cirugiaesteticamendez.com\">consultas@cirugiaesteticamendez.com<\/a>] <strong>para obtener m\u00e1s informaci\u00f3n sobre c\u00f3mo podemos hacer que la cirug\u00eda est\u00e9tica sea una realidad accesible para ti.<\/strong><\/li>\n<\/ul>\n","protected":false},"excerpt":{"rendered":"<p>Con el calor, llega el buen tiempo, las ganas de ir a la playa y las ganas de lucir un cuerpo bonito.&nbsp;Pero no todo es alegr\u00eda, pues los complejos pueden invadirnos cuando empezamos a&#46;&#46;&#46;<\/p>\n","protected":false},"author":1,"featured_media":934,"comment_status":"open","ping_status":"open","sticky":false,"template":"","format":"standard","meta":{"_joinchat":[],"footnotes":""},"categories":[12],"tags":[],"class_list":["post-933","post","type-post","status-publish","format-standard","has-post-thumbnail","hentry","category-botox"],"_links":{"self":[{"href":"https:\/\/www.cirugiaesteticamendez.com\/blog\/wp-json\/wp\/v2\/posts\/933","targetHints":{"allow":["GET"]}}],"collection":[{"href":"https:\/\/www.cirugiaesteticamendez.com\/blog\/wp-json\/wp\/v2\/posts"}],"about":[{"href":"https:\/\/www.cirugiaesteticamendez.com\/blog\/wp-json\/wp\/v2\/types\/post"}],"author":[{"embeddable":true,"href":"https:\/\/www.cirugiaesteticamendez.com\/blog\/wp-json\/wp\/v2\/users\/1"}],"replies":[{"embeddable":true,"href":"https:\/\/www.cirugiaesteticamendez.com\/blog\/wp-json\/wp\/v2\/comments?post=933"}],"version-history":[{"count":3,"href":"https:\/\/www.cirugiaesteticamendez.com\/blog\/wp-json\/wp\/v2\/posts\/933\/revisions"}],"predecessor-version":[{"id":2707,"href":"https:\/\/www.cirugiaesteticamendez.com\/blog\/wp-json\/wp\/v2\/posts\/933\/revisions\/2707"}],"wp:featuredmedia":[{"embeddable":true,"href":"https:\/\/www.cirugiaesteticamendez.com\/blog\/wp-json\/wp\/v2\/media\/934"}],"wp:attachment":[{"href":"https:\/\/www.cirugiaesteticamendez.com\/blog\/wp-json\/wp\/v2\/media?parent=933"}],"wp:term":[{"taxonomy":"category","embeddable":true,"href":"https:\/\/www.cirugiaesteticamendez.com\/blog\/wp-json\/wp\/v2\/categories?post=933"},{"taxonomy":"post_tag","embeddable":true,"href":"https:\/\/www.cirugiaesteticamendez.com\/blog\/wp-json\/wp\/v2\/tags?post=933"}],"curies":[{"name":"wp","href":"https:\/\/api.w.org\/{rel}","templated":true}]}}