{"id":1081,"date":"2025-02-23T01:02:00","date_gmt":"2025-02-23T01:02:00","guid":{"rendered":"https:\/\/www.cirugiaesteticamendez.com\/blog\/?p=1081"},"modified":"2025-02-27T05:58:40","modified_gmt":"2025-02-27T05:58:40","slug":"la-cirugia-plastica-capilar","status":"publish","type":"post","link":"https:\/\/www.cirugiaesteticamendez.com\/blog\/la-cirugia-plastica-capilar\/","title":{"rendered":"La cirug\u00eda pl\u00e1stica capilar"},"content":{"rendered":"\n<p>Con el paso del tiempo, es inevitable que muchos de nosotros, tanto hombres como mujeres, sea testigo de la p\u00e9rdida de nuestro cabello conforme envejecemos. Sin embargo, no todos aceptan este proceso por igual. A mucho no les gusta padecer de calvicie y luchan contra ella. Afortunadamente, hoy esto ya no es una batalla perdida: la cirug\u00eda pl\u00e1stica capilar nos permite recuperar con \u00e9xito gran parte de nuestra cabellera. Adem\u00e1s, cada d\u00eda se populariza m\u00e1s este procedimiento y es aceptado en nuestra sociedad. Ahora, cualquier persona tiene elecci\u00f3n.<\/p><div id=\"ez-toc-container\" class=\"ez-toc-v2_0_82_2 counter-hierarchy ez-toc-counter ez-toc-grey ez-toc-container-direction\">\n<div class=\"ez-toc-title-container\">\n<p class=\"ez-toc-title\" style=\"cursor:inherit\">Tabla de contenidos<\/p>\n<span class=\"ez-toc-title-toggle\"><a href=\"#\" class=\"ez-toc-pull-right ez-toc-btn ez-toc-btn-xs ez-toc-btn-default ez-toc-toggle\" aria-label=\"Alternar tabla de contenidos\"><span class=\"ez-toc-js-icon-con\"><span class=\"\"><span class=\"eztoc-hide\" style=\"display:none;\">Toggle<\/span><span class=\"ez-toc-icon-toggle-span\"><svg style=\"fill: #999;color:#999\" xmlns=\"http:\/\/www.w3.org\/2000\/svg\" class=\"list-377408\" width=\"20px\" height=\"20px\" viewBox=\"0 0 24 24\" fill=\"none\"><path d=\"M6 6H4v2h2V6zm14 0H8v2h12V6zM4 11h2v2H4v-2zm16 0H8v2h12v-2zM4 16h2v2H4v-2zm16 0H8v2h12v-2z\" fill=\"currentColor\"><\/path><\/svg><svg style=\"fill: #999;color:#999\" class=\"arrow-unsorted-368013\" xmlns=\"http:\/\/www.w3.org\/2000\/svg\" width=\"10px\" height=\"10px\" viewBox=\"0 0 24 24\" version=\"1.2\" baseProfile=\"tiny\"><path d=\"M18.2 9.3l-6.2-6.3-6.2 6.3c-.2.2-.3.4-.3.7s.1.5.3.7c.2.2.4.3.7.3h11c.3 0 .5-.1.7-.3.2-.2.3-.5.3-.7s-.1-.5-.3-.7zM5.8 14.7l6.2 6.3 6.2-6.3c.2-.2.3-.5.3-.7s-.1-.5-.3-.7c-.2-.2-.4-.3-.7-.3h-11c-.3 0-.5.1-.7.3-.2.2-.3.5-.3.7s.1.5.3.7z\"\/><\/svg><\/span><\/span><\/span><\/a><\/span><\/div>\n<nav><ul class='ez-toc-list ez-toc-list-level-1 eztoc-toggle-hide-by-default' ><li class='ez-toc-page-1 ez-toc-heading-level-2'><a class=\"ez-toc-link ez-toc-heading-1\" href=\"https:\/\/www.cirugiaesteticamendez.com\/blog\/la-cirugia-plastica-capilar\/#%C2%BFQue_es_la_cirugia_plastica_capilar\" >\u00bfQu\u00e9 es la cirug\u00eda pl\u00e1stica capilar?<\/a><\/li><li class='ez-toc-page-1 ez-toc-heading-level-2'><a class=\"ez-toc-link ez-toc-heading-2\" href=\"https:\/\/www.cirugiaesteticamendez.com\/blog\/la-cirugia-plastica-capilar\/#%C2%BFQuien_necesita_una_cirugia_plastica_capilar\" >\u00bfQui\u00e9n necesita una cirug\u00eda pl\u00e1stica capilar?<\/a><\/li><li class='ez-toc-page-1 ez-toc-heading-level-2'><a class=\"ez-toc-link ez-toc-heading-3\" href=\"https:\/\/www.cirugiaesteticamendez.com\/blog\/la-cirugia-plastica-capilar\/#Cirugia_plastica_capilar_Precio\" >Cirug\u00eda pl\u00e1stica capilar: Precio<\/a><\/li><\/ul><\/nav><\/div>\n\n\n\n\n<h2 class=\"wp-block-heading\"><span class=\"ez-toc-section\" id=\"%C2%BFQue_es_la_cirugia_plastica_capilar\"><\/span>\u00bfQu\u00e9 es la cirug\u00eda pl\u00e1stica capilar?<span class=\"ez-toc-section-end\"><\/span><\/h2>\n\n\n\n<p>La cirug\u00eda capilar es una forma de restauraci\u00f3n quir\u00fargica del pelo, una de las m\u00e1s populares que existen hoy en d\u00eda, ya que es menos radical que otras opciones. Los trasplantes de pelo se llevan haciendo durante muchos a\u00f1os por los profesionales del sector y las t\u00e9cnicas han ido evolucionando hasta convertirlo en una de las intervenciones m\u00e1s sofisticadas de la cirug\u00eda est\u00e9tica.<\/p>\n\n\n\n<p>La idea b\u00e1sica detr\u00e1s de un trasplante de cabello es retirar peque\u00f1os fragmentos de cuero cabelludo de la parte posterior o lateral del propio paciente, donde a\u00fan conserva pelo. Posteriormente, se le implanta en la zona de la cabeza donde la p\u00e9rdida de cabello es m\u00e1s grave, por lo general, la parte superior de la cabeza. La parte posterior de la cabeza de los hombres no se suele ver afectada por la calvicie y, por tanto, es la zona ideal para utilizar al restaurar otras \u00e1reas.<\/p>\n\n\n\n<p>El procedimiento est\u00e1ndar requiere la implantaci\u00f3n tomando entre uno y cuatro cabellos. Cada injerto que se produce se reimplantar\u00e1 con el objetivo de que cada cabello trasplantado pueda asegurar un crecimiento futuro como si fuera natural. Elegir cada injerto es una parte fundamental de este proceso. Para implantar los injertos seleccionados, se realizan peque\u00f1os orificios con una fina aguja.<\/p>\n\n\n\n<p>Una de las mayores ventajas de la cirug\u00eda pl\u00e1stica capilar es que es permanente. Al contrario de otras t\u00e9cnicas de restauraci\u00f3n capilar populares, no tienes que tomar medicamentos recetados durante toda tu vida o cubrir tu cuero cabelludo con pomadas o champ\u00fas especiales. El cabello que se utiliza en el trasplante es de tu propio cuero, por lo que nos aseguramos que no se sufrir\u00e1 ning\u00fan tipo de rechazo por incompatibilidad.<\/p>\n\n\n\n<p>Como en todos los procedimientos quir\u00fargicos, siempre hay ciertos riesgos involucrados. La extracci\u00f3n y el implante del cabello es un proceso indoloro, ya que se realizan varias inyecciones de anestesia en el \u00e1rea. Sin embargo, los pacientes suelen decir que esas inyecciones son algo molestas. Estas afirmaciones difieren mucho entre pacientes, desde un proceso doloroso a compararlos con picaduras leves. Hay personas m\u00e1s sensibles al dolor y a las agujas mientras que otros apenas lo sienten.<\/p>\n\n\n\n<p>El trasplante es permanente y, una vez finalizado, no se realiza seguimiento de procedimientos o requiere ning\u00fan tratamiento continuado. No obstante, debes tener en cuenta que es posible que tengas que pasar por varias intervenciones para obtener la cantidad deseada de pelo.<\/p>\n\n\n\n<h2 class=\"wp-block-heading\"><span class=\"ez-toc-section\" id=\"%C2%BFQuien_necesita_una_cirugia_plastica_capilar\"><\/span>\u00bfQui\u00e9n necesita una cirug\u00eda pl\u00e1stica capilar?<span class=\"ez-toc-section-end\"><\/span><\/h2>\n\n\n\n<p>Muchos j\u00f3venes padecen de alopecia androgen\u00e9tica, que es la calvicie juvenil. Se trata de una manifestaci\u00f3n fisiol\u00f3gica de algo que se hereda gen\u00e9ticamente. Si tienes familiares de primer o segundo grado calvos, puede ser que lo tengas.<\/p>\n\n\n\n<p>Cuando se inicia el procedimiento, una serie de procesos qu\u00edmicos inhibe el crecimiento del fol\u00edculo piloso, lo que debilita el cabello y produce su posterior ca\u00edda. Aunque se trata de un gen hereditario entre hombres, varios factores determinar\u00e1n la ca\u00edda del pelo, as\u00ed como su velocidad. Por ejemplo, el estr\u00e9s puede ser un condicionante que influya en gran medida en este proceso.<\/p>\n\n\n\n<p>Es normal que muchos j\u00f3venes no se sientan a gusto con su calvicie temprana, pues les dar\u00e1 un aspecto mucho m\u00e1s envejecidos de lo que realmente son. Puede ser que ellos mismos se vean menos atractivos y eso les influya en su confianza y autoestima. Debes saber que existen m\u00e9todos antes de que el proceso sea irreversible y tengas tu cabeza totalmente calva.<\/p>\n\n\n\n<p>Debes consultar con un profesional en el sector, quien analizar\u00e1 tu caso y ver\u00e1 cu\u00e1les son los factores determinantes. El cirujano ser\u00e1 capaz de encontrar la soluci\u00f3n adecuada para cada situaci\u00f3n y lograr\u00e1 el objetivo de que el paciente tenga cabello de nuevo.<\/p>\n\n\n\n<p>Como ya hemos comentado, una de las mejores soluciones hoy en d\u00eda es el implante de cabello. La mayor\u00eda de hombres son buenos candidatos para la cirug\u00eda pl\u00e1stica capilar, exceptuando los que tienen un pelo demasiado fino y difuso. Por la parte de las mujeres, la mayor\u00eda de ella no son buenas candidatas.<\/p>\n\n\n\n<p>Para tener mayor porcentaje de \u00e9xito, el paciente debe de tener cabello sano y con densidad a\u00fan en algunas zonas, como la parte lateral y posterior, para que puedan servir para ofrecer los injertos. Si el candidato ya tiene poco cabello, puede no ser un buen candidato. La mejor soluci\u00f3n siempre es acudir a tu especialista de confianza y te dar\u00e1 todas las opciones que tienes. Seguro que encontrar\u00e1 la soluci\u00f3n ideal para tu caso y para que puedas volver a tener cabello.<\/p>\n\n\n\n<h2 class=\"wp-block-heading\"><span class=\"ez-toc-section\" id=\"Cirugia_plastica_capilar_Precio\"><\/span>Cirug\u00eda pl\u00e1stica capilar: Precio<span class=\"ez-toc-section-end\"><\/span><\/h2>\n\n\n\n<p>Es muy dif\u00edcil estimar el precio de una <a href=\"https:\/\/www.cirugiaesteticamendez.com\/implante-capilar-2\/\">cirug\u00eda pl\u00e1stica capilar<\/a>, ya que el coste var\u00eda mucho&nbsp;dependiente de la cl\u00ednica y del caso. Afortunadamente, el costo ha disminuido bastante durante los \u00faltimos a\u00f1os gracias al desarrollo de las t\u00e9cnicas y de la tecnolog\u00eda. Ten en cuenta que el precio de los implantes capilares es solo uno de los muchos factores que debes considerar a la hora de elegir una buena cl\u00ednica de cirug\u00eda est\u00e9tica. Los cirujanos m\u00e1s baratos no suelen ser los mejores. \u00bfY quieres algo que no sea lo mejor para ti?<\/p>\n\n\n\n<p>En t\u00e9rminos generales, podr\u00edamos decir que el precio medio por sesi\u00f3n estar\u00eda en unos 2.000 d\u00f3lares. Antes de tomar ninguna decisi\u00f3n, consulta con tu m\u00e9dico para ver qu\u00e9 es lo que necesitas concretamente y cu\u00e1ntas sesiones son las requeridas, as\u00ed como para darte una expectativas realistas de lo que puedes esperar. La cirug\u00eda pl\u00e1stica capilar en Lima ha evolucionado much\u00edsimo durante los \u00faltimos a\u00f1os. Seguro que tu cirujano elegido ser\u00e1 capaz de devolverte ese cabello que ya cre\u00edas<\/p>\n\n\n\n<p><\/p>\n\n\n\n<p><strong>\u00a1Da el primer paso hacia la mejor versi\u00f3n de ti mismo!<\/strong><\/p>\n\n\n\n<p>\ud83d\udc47<\/p>\n\n\n\n<ul class=\"wp-block-list\">\n<li><a href=\"https:\/\/www.cirugiaesteticamendez.com\/contacto\/\">Haga clic aqu\u00ed para agendar una consulta gratuita<\/a><\/li>\n<\/ul>\n\n\n\n<ul class=\"wp-block-list\">\n<li>\ud83d\udcde <strong>Ll\u00e1manos al <\/strong>[<a href=\"https:\/\/api.whatsapp.com\/send\/?phone=51999488746&amp;text=Hola+Dra.+Ronmy+Mendez.+Necesito+m%C3%A1s+informaci%C3%B3n+sobre+Las+cicatrices+en+la+cirug%C3%ADa+est%C3%A9tica+https%3A%2F%2Fwww.cirugiaesteticamendez.com%2Fblog%2Flas-cicatrices-en-la-cirugia-estetica&amp;type=phone_number&amp;app_absent=0\">+51 999 488 746<\/a>] <strong>para discutir tus opciones.<\/strong><\/li>\n<\/ul>\n\n\n\n<p>\ud83d\udce7 <strong>O env\u00edanos un correo electr\u00f3nico a<\/strong> [consultas@cirugiaesteticamendez.com] <strong>para obtener m\u00e1s informaci\u00f3n sobre c\u00f3mo podemos hacer que la cirug\u00eda est\u00e9tica sea una realidad accesible para ti.<\/strong><\/p>\n","protected":false},"excerpt":{"rendered":"<p>Con el paso del tiempo, es inevitable que muchos de nosotros, tanto hombres como mujeres, sea testigo de la p\u00e9rdida de nuestro cabello conforme envejecemos. Sin embargo, no todos aceptan este proceso por igual.&#46;&#46;&#46;<\/p>\n","protected":false},"author":1,"featured_media":1082,"comment_status":"open","ping_status":"open","sticky":false,"template":"","format":"standard","meta":{"_joinchat":[],"footnotes":""},"categories":[1],"tags":[],"class_list":["post-1081","post","type-post","status-publish","format-standard","has-post-thumbnail","hentry","category-uncategorized"],"_links":{"self":[{"href":"https:\/\/www.cirugiaesteticamendez.com\/blog\/wp-json\/wp\/v2\/posts\/1081","targetHints":{"allow":["GET"]}}],"collection":[{"href":"https:\/\/www.cirugiaesteticamendez.com\/blog\/wp-json\/wp\/v2\/posts"}],"about":[{"href":"https:\/\/www.cirugiaesteticamendez.com\/blog\/wp-json\/wp\/v2\/types\/post"}],"author":[{"embeddable":true,"href":"https:\/\/www.cirugiaesteticamendez.com\/blog\/wp-json\/wp\/v2\/users\/1"}],"replies":[{"embeddable":true,"href":"https:\/\/www.cirugiaesteticamendez.com\/blog\/wp-json\/wp\/v2\/comments?post=1081"}],"version-history":[{"count":4,"href":"https:\/\/www.cirugiaesteticamendez.com\/blog\/wp-json\/wp\/v2\/posts\/1081\/revisions"}],"predecessor-version":[{"id":2835,"href":"https:\/\/www.cirugiaesteticamendez.com\/blog\/wp-json\/wp\/v2\/posts\/1081\/revisions\/2835"}],"wp:featuredmedia":[{"embeddable":true,"href":"https:\/\/www.cirugiaesteticamendez.com\/blog\/wp-json\/wp\/v2\/media\/1082"}],"wp:attachment":[{"href":"https:\/\/www.cirugiaesteticamendez.com\/blog\/wp-json\/wp\/v2\/media?parent=1081"}],"wp:term":[{"taxonomy":"category","embeddable":true,"href":"https:\/\/www.cirugiaesteticamendez.com\/blog\/wp-json\/wp\/v2\/categories?post=1081"},{"taxonomy":"post_tag","embeddable":true,"href":"https:\/\/www.cirugiaesteticamendez.com\/blog\/wp-json\/wp\/v2\/tags?post=1081"}],"curies":[{"name":"wp","href":"https:\/\/api.w.org\/{rel}","templated":true}]}}